{"id":228,"date":"2026-07-16T12:29:22","date_gmt":"2026-07-16T12:29:22","guid":{"rendered":"https:\/\/mnpcustodio.com.br\/blog\/?p=228"},"modified":"2026-07-16T12:33:45","modified_gmt":"2026-07-16T12:33:45","slug":"fralda-geriatrica-descartavel-como-escolher-o-modelo-certo","status":"publish","type":"post","link":"https:\/\/mnpcustodio.com.br\/blog\/fralda-geriatrica-descartavel-como-escolher-o-modelo-certo\/","title":{"rendered":"Fralda geri\u00e1trica descart\u00e1vel: como escolher o modelo certo\u00a0"},"content":{"rendered":"<span class=\"rt-reading-time\" style=\"display: block;\"><span class=\"rt-label rt-prefix\">Tempo de leitura:<\/span> <span class=\"rt-time\">5<\/span> <span class=\"rt-label rt-postfix\">minutos<\/span><\/span>\n<p class=\"has-medium-font-size wp-block-paragraph\"><strong><em>Saiba como escolher fralda geri\u00e1trica descart\u00e1vel por tamanho, absor\u00e7\u00e3o, conforto e rotina de uso. Conhe\u00e7a os modelos ideais!<\/em><\/strong><\/p>\n\n\n\n<p class=\"wp-block-paragraph\">Escolher uma <strong>fralda geri\u00e1trica descart\u00e1vel<\/strong> parece simples, mas na pr\u00e1tica n\u00e3o \u00e9. Quando o modelo n\u00e3o combina com o perfil de uso, surgem vazamentos, desconforto, trocas frequentes e desperd\u00edcio de dinheiro.<\/p>\n\n\n\n<p class=\"wp-block-paragraph\">Isso pesa ainda mais na rotina de quem cuida de um idoso ou de um adulto com mobilidade reduzida. <strong>Um produto inadequado afeta a pele, o bem-estar e a tranquilidade no dia a dia.<\/strong><\/p>\n\n\n\n<p class=\"wp-block-paragraph\">A boa not\u00edcia \u00e9 que alguns crit\u00e9rios ajudam bastante nessa decis\u00e3o. E eles v\u00e3o muito al\u00e9m do pre\u00e7o. <strong>Absor\u00e7\u00e3o, tamanho, formato anat\u00f4mico e barreiras de prote\u00e7\u00e3o fazem diferen\u00e7a real no uso.<\/strong><\/p>\n\n\n\n<div id=\"ez-toc-container\" class=\"ez-toc-v2_0_62 counter-hierarchy ez-toc-counter ez-toc-white ez-toc-container-direction\">\n<div class=\"ez-toc-title-container\">\n<p class=\"ez-toc-title \" >LISTA DE T&Oacute;PICOS<\/p>\n<span class=\"ez-toc-title-toggle\"><a href=\"#\" class=\"ez-toc-pull-right ez-toc-btn ez-toc-btn-xs ez-toc-btn-default ez-toc-toggle\" aria-label=\"Toggle Table of Content\"><span class=\"ez-toc-js-icon-con\"><span class=\"\"><span class=\"eztoc-hide\" style=\"display:none;\">Toggle<\/span><span class=\"ez-toc-icon-toggle-span\"><svg style=\"fill: #999;color:#999\" xmlns=\"http:\/\/www.w3.org\/2000\/svg\" class=\"list-377408\" width=\"20px\" height=\"20px\" viewBox=\"0 0 24 24\" fill=\"none\"><path d=\"M6 6H4v2h2V6zm14 0H8v2h12V6zM4 11h2v2H4v-2zm16 0H8v2h12v-2zM4 16h2v2H4v-2zm16 0H8v2h12v-2z\" fill=\"currentColor\"><\/path><\/svg><svg style=\"fill: #999;color:#999\" class=\"arrow-unsorted-368013\" xmlns=\"http:\/\/www.w3.org\/2000\/svg\" width=\"10px\" height=\"10px\" viewBox=\"0 0 24 24\" version=\"1.2\" baseProfile=\"tiny\"><path d=\"M18.2 9.3l-6.2-6.3-6.2 6.3c-.2.2-.3.4-.3.7s.1.5.3.7c.2.2.4.3.7.3h11c.3 0 .5-.1.7-.3.2-.2.3-.5.3-.7s-.1-.5-.3-.7zM5.8 14.7l6.2 6.3 6.2-6.3c.2-.2.3-.5.3-.7s-.1-.5-.3-.7c-.2-.2-.4-.3-.7-.3h-11c-.3 0-.5.1-.7.3-.2.2-.3.5-.3.7s.1.5.3.7z\"\/><\/svg><\/span><\/span><\/span><\/a><\/span><\/div>\n<nav><ul class='ez-toc-list ez-toc-list-level-1 ' ><li class='ez-toc-page-1 ez-toc-heading-level-2'><a class=\"ez-toc-link ez-toc-heading-1\" href=\"https:\/\/mnpcustodio.com.br\/blog\/fralda-geriatrica-descartavel-como-escolher-o-modelo-certo\/#O_que_observar_antes_de_comprar\" title=\"O que observar antes de comprar\">O que observar antes de comprar<\/a><\/li><li class='ez-toc-page-1 ez-toc-heading-level-2'><a class=\"ez-toc-link ez-toc-heading-2\" href=\"https:\/\/mnpcustodio.com.br\/blog\/fralda-geriatrica-descartavel-como-escolher-o-modelo-certo\/#Como_acertar_no_tamanho_da_fralda_geriatrica_descartavel\" title=\"Como acertar no tamanho da fralda geri\u00e1trica descart\u00e1vel\">Como acertar no tamanho da fralda geri\u00e1trica descart\u00e1vel<\/a><\/li><li class='ez-toc-page-1 ez-toc-heading-level-2'><a class=\"ez-toc-link ez-toc-heading-3\" href=\"https:\/\/mnpcustodio.com.br\/blog\/fralda-geriatrica-descartavel-como-escolher-o-modelo-certo\/#Quais_caracteristicas_realmente_fazem_diferenca_no_uso\" title=\"Quais caracter\u00edsticas realmente fazem diferen\u00e7a no uso\">Quais caracter\u00edsticas realmente fazem diferen\u00e7a no uso<\/a><\/li><li class='ez-toc-page-1 ez-toc-heading-level-2'><a class=\"ez-toc-link ez-toc-heading-4\" href=\"https:\/\/mnpcustodio.com.br\/blog\/fralda-geriatrica-descartavel-como-escolher-o-modelo-certo\/#Quando_vale_comparar_mais_do_que_o_preco\" title=\"Quando vale comparar mais do que o pre\u00e7o\">Quando vale comparar mais do que o pre\u00e7o<\/a><\/li><li class='ez-toc-page-1 ez-toc-heading-level-2'><a class=\"ez-toc-link ez-toc-heading-5\" href=\"https:\/\/mnpcustodio.com.br\/blog\/fralda-geriatrica-descartavel-como-escolher-o-modelo-certo\/#Como_escolher_a_melhor_fralda_para_cada_rotina\" title=\"Como escolher a melhor fralda para cada rotina\">Como escolher a melhor fralda para cada rotina<\/a><\/li><li class='ez-toc-page-1 ez-toc-heading-level-2'><a class=\"ez-toc-link ez-toc-heading-6\" href=\"https:\/\/mnpcustodio.com.br\/blog\/fralda-geriatrica-descartavel-como-escolher-o-modelo-certo\/#Solucoes_da_MNP_Custodio_para_fralda_geriatrica_descartavel\" title=\"Solu\u00e7\u00f5es da M.N.P Cust\u00f3dio para fralda geri\u00e1trica descart\u00e1vel\">Solu\u00e7\u00f5es da M.N.P Cust\u00f3dio para fralda geri\u00e1trica descart\u00e1vel<\/a><\/li><\/ul><\/nav><\/div>\n<h2 class=\"wp-block-heading\"><span class=\"ez-toc-section\" id=\"O_que_observar_antes_de_comprar\"><\/span><strong>O que observar antes de comprar<\/strong><span class=\"ez-toc-section-end\"><\/span><\/h2>\n\n\n\n<p class=\"wp-block-paragraph\">Antes de <strong>comprar fralda geri\u00e1trica<\/strong>, vale olhar para a necessidade da pessoa que vai usar o produto. O primeiro ponto \u00e9 o n\u00edvel de incontin\u00eancia. H\u00e1 casos leves, moderados e intensos, e cada rotina pede uma capacidade de absor\u00e7\u00e3o diferente.<\/p>\n\n\n\n<p class=\"wp-block-paragraph\">Tamb\u00e9m \u00e9 importante considerar o tempo de perman\u00eancia com a fralda. <strong>Quem passa mais horas com o produto precisa de reten\u00e7\u00e3o eficiente de l\u00edquidos e controle maior de umidade.<\/strong> Isso reduz desconforto e ajuda a preservar a pele.<\/p>\n\n\n\n<p class=\"wp-block-paragraph\">Outro detalhe decisivo \u00e9 a constru\u00e7\u00e3o da fralda. Modelos com <strong>painel anat\u00f4mico de polpa de celulose superabsorvente com flocos de gel<\/strong> tendem a oferecer melhor absor\u00e7\u00e3o e reten\u00e7\u00e3o. Quando h\u00e1 um <strong>material difusor de l\u00edquidos<\/strong>, a distribui\u00e7\u00e3o interna fica mais homog\u00eanea, o que contribui para o desempenho do produto.<\/p>\n\n\n\n<ul class=\"wp-block-list\">\n<li><a href=\"https:\/\/mnpcustodio.com.br\/blog\/saiba-onde-comprar-fralda-geriatrica-de-qualidade-conheca-a-m-n-p-custodio\/\">Saiba onde comprar fralda geri\u00e1trica de qualidade: conhe\u00e7a a M.N.P Cust\u00f3dio<\/a><\/li>\n<\/ul>\n\n\n\n<h2 class=\"wp-block-heading\"><span class=\"ez-toc-section\" id=\"Como_acertar_no_tamanho_da_fralda_geriatrica_descartavel\"><\/span><strong>Como acertar no tamanho da fralda geri\u00e1trica descart\u00e1vel<\/strong><span class=\"ez-toc-section-end\"><\/span><\/h2>\n\n\n\n<p class=\"wp-block-paragraph\">Escolher o tamanho certo \u00e9 uma das etapas mais importantes. <strong>Fralda apertada incomoda e pode marcar a pele. Fralda folgada aumenta muito o risco de vazamento.<\/strong><\/p>\n\n\n\n<p class=\"wp-block-paragraph\">Na pr\u00e1tica, o ideal \u00e9 observar o ajuste ao corpo e conferir a indica\u00e7\u00e3o do fabricante. Entre os tamanhos mais buscados, est\u00e3o:<\/p>\n\n\n\n<ul class=\"wp-block-list\">\n<li><strong>fralda geri\u00e1trica P<\/strong>, indicada para pessoas com estrutura corporal menor;<\/li>\n\n\n\n<li><strong>fralda geri\u00e1trica M<\/strong>, uma op\u00e7\u00e3o comum para medidas intermedi\u00e1rias;<\/li>\n\n\n\n<li><strong>fralda geri\u00e1trica G<\/strong>, indicada para usu\u00e1rios com maior circunfer\u00eancia;<\/li>\n\n\n\n<li><strong>fralda geri\u00e1trica EG<\/strong>, pensada para biotipos maiores e para quem precisa de mais \u00e1rea de cobertura.<\/li>\n<\/ul>\n\n\n\n<p class=\"wp-block-paragraph\">Mais do que olhar a letra da embalagem, faz sentido verificar se a fralda veste bem na cintura, nas pernas e no quadril. <strong>O ajuste precisa ser firme, mas confort\u00e1vel.<\/strong><\/p>\n\n\n\n<h2 class=\"wp-block-heading\"><span class=\"ez-toc-section\" id=\"Quais_caracteristicas_realmente_fazem_diferenca_no_uso\"><\/span><strong>Quais caracter\u00edsticas realmente fazem diferen\u00e7a no uso<\/strong><span class=\"ez-toc-section-end\"><\/span><\/h2>\n\n\n\n<p class=\"wp-block-paragraph\">Nem toda <strong>fralda para adulto<\/strong> entrega a mesma experi\u00eancia. Em muitos casos, o que muda n\u00e3o \u00e9 s\u00f3 a absor\u00e7\u00e3o, mas a forma como o produto protege a pele e facilita a rotina de cuidados.<\/p>\n\n\n\n<p class=\"wp-block-paragraph\">A cobertura filtrante interna, por exemplo, permite a passagem do l\u00edquido e ajuda a isolar a umidade do painel absorvente do contato direto com a pele. <strong>Isso faz diferen\u00e7a principalmente em usos prolongados.<\/strong><\/p>\n\n\n\n<p class=\"wp-block-paragraph\">As <strong>barreiras internas anti-vazamento<\/strong> tamb\u00e9m merecem aten\u00e7\u00e3o. Elas ajudam na conten\u00e7\u00e3o de l\u00edquidos e material fecal, o que traz mais seguran\u00e7a para o usu\u00e1rio e para quem presta assist\u00eancia.&nbsp;<\/p>\n\n\n\n<p class=\"wp-block-paragraph\">J\u00e1 a<strong> camada externa com filme pl\u00e1stico imperme\u00e1vel<\/strong> funciona como uma prote\u00e7\u00e3o extra contra escapes.<\/p>\n\n\n\n<p class=\"wp-block-paragraph\">Outro recurso \u00fatil \u00e9 o <strong>indicador de umidade<\/strong>, aplicado no sentido longitudinal da fralda. Pode parecer um detalhe pequeno, mas n\u00e3o \u00e9. <strong>Ele ajuda a identificar o momento da troca com mais precis\u00e3o e evita trocas desnecess\u00e1rias.<\/strong><\/p>\n\n\n\n<h2 class=\"wp-block-heading\"><span class=\"ez-toc-section\" id=\"Quando_vale_comparar_mais_do_que_o_preco\"><\/span><strong>Quando vale comparar mais do que o pre\u00e7o<\/strong><span class=\"ez-toc-section-end\"><\/span><\/h2>\n\n\n\n<p class=\"wp-block-paragraph\">Muita gente tenta decidir apenas pelo valor do pacote. S\u00f3 que <strong>o barato pode sair caro<\/strong> quando a fralda exige trocas mais frequentes ou n\u00e3o entrega a prote\u00e7\u00e3o esperada.<\/p>\n\n\n\n<p class=\"wp-block-paragraph\">Na compara\u00e7\u00e3o entre op\u00e7\u00f5es, vale observar:<\/p>\n\n\n\n<ul class=\"wp-block-list\">\n<li>capacidade de absor\u00e7\u00e3o e reten\u00e7\u00e3o de l\u00edquidos;<\/li>\n\n\n\n<li>presen\u00e7a de gel superabsorvente;<\/li>\n\n\n\n<li>barreiras anti-vazamento;<\/li>\n\n\n\n<li>formato anat\u00f4mico;<\/li>\n\n\n\n<li>conforto no contato com a pele;<\/li>\n\n\n\n<li>indicador de umidade;<\/li>\n\n\n\n<li>rendimento no uso di\u00e1rio.<\/li>\n<\/ul>\n\n\n\n<p class=\"wp-block-paragraph\">Esse olhar mais completo ajuda a fazer uma compra mais inteligente. <strong>\u00c0s vezes, uma fralda com desempenho melhor compensa no custo final porque reduz falhas, desconforto e desperd\u00edcio.<\/strong><\/p>\n\n\n\n<h2 class=\"wp-block-heading\"><span class=\"ez-toc-section\" id=\"Como_escolher_a_melhor_fralda_para_cada_rotina\"><\/span><strong>Como escolher a melhor fralda para cada rotina<\/strong><span class=\"ez-toc-section-end\"><\/span><\/h2>\n\n\n<div class=\"wp-block-image\">\n<figure class=\"alignright size-full is-resized\"><img loading=\"lazy\" decoding=\"async\" width=\"500\" height=\"500\" src=\"https:\/\/mnpcustodio.com.br\/blog\/wp-content\/uploads\/2026\/07\/roxo-frente.png\" alt=\"Fralda geri\u00e1trica descart\u00e1vel: como escolher o modelo certo \n\" class=\"wp-image-229\" style=\"width:216px;height:auto\" srcset=\"https:\/\/mnpcustodio.com.br\/blog\/wp-content\/uploads\/2026\/07\/roxo-frente.png 500w, https:\/\/mnpcustodio.com.br\/blog\/wp-content\/uploads\/2026\/07\/roxo-frente-300x300.png 300w, https:\/\/mnpcustodio.com.br\/blog\/wp-content\/uploads\/2026\/07\/roxo-frente-150x150.png 150w\" sizes=\"auto, (max-width: 500px) 100vw, 500px\" \/><\/figure>\n<\/div>\n\n\n<p class=\"wp-block-paragraph\">A melhor <strong>fralda geri\u00e1trica descart\u00e1vel<\/strong> \u00e9 a que acompanha a realidade de uso. Para quem permanece mais tempo deitado ou tem menor mobilidade, seguran\u00e7a contra vazamentos e prote\u00e7\u00e3o da pele costumam pesar mais.&nbsp;<\/p>\n\n\n\n<p class=\"wp-block-paragraph\">J\u00e1 em rotinas com maior autonomia, conforto, discri\u00e7\u00e3o e ajuste corporal ganham ainda mais import\u00e2ncia.<\/p>\n\n\n\n<p class=\"wp-block-paragraph\">Tamb\u00e9m vale pensar na frequ\u00eancia de troca, no per\u00edodo de uso e no suporte dispon\u00edvel para o cuidado. <strong>Quando a escolha \u00e9 feita com base na rotina real, a chance de acerto \u00e9 muito maior.<\/strong><\/p>\n\n\n\n<p class=\"wp-block-paragraph\">No fim das contas, escolher bem n\u00e3o \u00e9 exagero. \u00c9 cuidado. <strong>Uma boa fralda para adulto traz mais dignidade, mais conforto e mais tranquilidade para todos os envolvidos.<\/strong><\/p>\n\n\n\n<ul class=\"wp-block-list\">\n<li><a href=\"https:\/\/mnpcustodio.com.br\/blog\/lencol-protetor-descartavel-quando-utilizar-conheca-os-beneficios\/\">Len\u00e7ol protetor descart\u00e1vel: quando utilizar? Conhe\u00e7a os benef\u00edcios!<\/a><\/li>\n<\/ul>\n\n\n\n<h2 class=\"wp-block-heading\"><span class=\"ez-toc-section\" id=\"Solucoes_da_MNP_Custodio_para_fralda_geriatrica_descartavel\"><\/span><strong>Solu\u00e7\u00f5es da M.N.P Cust\u00f3dio para fralda geri\u00e1trica descart\u00e1vel<\/strong><span class=\"ez-toc-section-end\"><\/span><\/h2>\n\n\n\n<p class=\"wp-block-paragraph\">H\u00e1 <strong>15 anos no mercado<\/strong>, a <strong>M.N.P Cust\u00f3dio<\/strong> oferece solu\u00e7\u00f5es completas para quem busca produtos hospitalares com confian\u00e7a.&nbsp;<\/p>\n\n\n\n<p class=\"wp-block-paragraph\">A empresa conta com <strong>excelente infraestrutura e profissionais com alto know-how no setor<\/strong>, o que refor\u00e7a um atendimento mais preparado para orientar cada necessidade.<\/p>\n\n\n\n<p class=\"wp-block-paragraph\">Para quem procura <strong>fralda geri\u00e1trica descart\u00e1vel<\/strong> com foco em qualidade, seguran\u00e7a e suporte na compra, contar com um fornecedor experiente faz diferen\u00e7a.&nbsp;<\/p>\n\n\n\n<p class=\"wp-block-paragraph\"><strong>N\u00e3o se trata apenas de adquirir um produto, mas de encontrar a solu\u00e7\u00e3o certa para uma rotina que exige aten\u00e7\u00e3o e cuidado.<\/strong><\/p>\n\n\n\n<p class=\"wp-block-paragraph\"><a href=\"https:\/\/mnpcustodio.com.br\/contato\"><strong>Entre em contato com a<\/strong> <strong>M.N.P Cust\u00f3dio<\/strong><\/a> e conhe\u00e7a as op\u00e7\u00f5es ideais para sua necessidade. <strong>Escolha com mais seguran\u00e7a e compre com o apoio de quem entende do setor hospitalar.<\/strong><\/p>\n\n\n\n<p class=\"wp-block-paragraph\"><\/p>\n","protected":false},"excerpt":{"rendered":"<p><span class=\"rt-reading-time\" style=\"display: block;\"><span class=\"rt-label rt-prefix\">Tempo de leitura:<\/span> <span class=\"rt-time\">5<\/span> <span class=\"rt-label rt-postfix\">minutos<\/span><\/span> Saiba como escolher fralda geri\u00e1trica descart\u00e1vel por tamanho, absor\u00e7\u00e3o, conforto e rotina de uso. Conhe\u00e7a os modelos ideais! Escolher uma fralda geri\u00e1trica descart\u00e1vel parece simples, mas na pr\u00e1tica n\u00e3o \u00e9. Quando o modelo n\u00e3o combina com o perfil de uso,&#8230;<\/p>\n","protected":false},"author":1,"featured_media":230,"comment_status":"open","ping_status":"open","sticky":false,"template":"","format":"standard","meta":{"footnotes":""},"categories":[700],"tags":[2870,2863,2875,2865,712,2890,2891,2886,2885,2153,2149,2883,2871,2150,2873,2878,2879,2894,2917,2908,2913,2910,2918,2898,2915,2919,2916,2897,2896,2904,2912,2906,2902,2901,2909,2905,2903,2911,2914,2907,2893,2899,2895,2900,2376,2375,2146,2882,2881,2888,778,2880,2876,2887,2884,2892,2889,2872,2877,2864,2874,2869,2868,2867,2866],"class_list":["post-228","post","type-post","status-publish","format-standard","has-post-thumbnail","hentry","category-fraldas-geriatricas","tag-como-comprar-fralda-geriatrica-certa","tag-como-escolher-fralda-geriatrica-descartavel","tag-como-escolher-fralda-para-idoso-acamado","tag-como-saber-o-tamanho-da-fralda-geriatrica","tag-comprar-fralda-geriatrica","tag-empresa-de-fralda-geriatrica-descartavel","tag-fornecedor-de-fralda-geriatrica-descartavel","tag-fralda-adulta-com-alta-absorcao","tag-fralda-descartavel-para-adulto","tag-fralda-geriatrica-anatomica","tag-fralda-geriatrica-com-barreira-antivazamento","tag-fralda-geriatrica-com-gel","tag-fralda-geriatrica-com-gel-e-melhor","tag-fralda-geriatrica-com-indicador-de-umidade","tag-fralda-geriatrica-com-indicador-de-umidade-vale-a-pena","tag-fralda-geriatrica-descartavel","tag-fralda-geriatrica-descartavel-como-escolher","tag-fralda-geriatrica-descartavel-comprar","tag-fralda-geriatrica-descartavel-em-diadema","tag-fralda-geriatrica-descartavel-em-guaianases","tag-fralda-geriatrica-descartavel-em-guarulhos","tag-fralda-geriatrica-descartavel-em-maua","tag-fralda-geriatrica-descartavel-em-osasco","tag-fralda-geriatrica-descartavel-em-promocao","tag-fralda-geriatrica-descartavel-em-santo-andre","tag-fralda-geriatrica-descartavel-em-sao-bernardo","tag-fralda-geriatrica-descartavel-em-sao-caetano","tag-fralda-geriatrica-descartavel-em-sao-paulo","tag-fralda-geriatrica-descartavel-em-sp","tag-fralda-geriatrica-descartavel-em-utinga","tag-fralda-geriatrica-descartavel-na-cidade-lider","tag-fralda-geriatrica-descartavel-na-cidade-tiradentes","tag-fralda-geriatrica-descartavel-na-sapopemba","tag-fralda-geriatrica-descartavel-na-zona-leste","tag-fralda-geriatrica-descartavel-na-zona-norte","tag-fralda-geriatrica-descartavel-na-zona-oeste","tag-fralda-geriatrica-descartavel-na-zona-sul","tag-fralda-geriatrica-descartavel-no-abc","tag-fralda-geriatrica-descartavel-no-aricanduva","tag-fralda-geriatrica-descartavel-no-centro","tag-fralda-geriatrica-descartavel-onde-encontrar","tag-fralda-geriatrica-descartavel-perto-de-mim","tag-fralda-geriatrica-descartavel-preco","tag-fralda-geriatrica-descartavel-proximo-a-mim","tag-fralda-geriatrica-eg","tag-fralda-geriatrica-g","tag-fralda-geriatrica-hospitalar","tag-fralda-geriatrica-m","tag-fralda-geriatrica-p","tag-fralda-geriatrica-para-uso-noturno","tag-fralda-geriatrica-preco","tag-fralda-para-adulto","tag-fralda-para-adulto-pode-causar-assadura","tag-fralda-para-idosos-acamados","tag-fralda-para-incontinencia-urinaria","tag-loja-de-fralda-geriatrica-descartavel","tag-melhor-fralda-geriatrica-descartavel","tag-o-que-evita-vazamento-na-fralda-geriatrica","tag-onde-comprar-fralda-geriatrica-com-seguranca","tag-qual-a-melhor-fralda-para-adulto","tag-qual-fralda-geriatrica-dura-mais","tag-quando-usar-fralda-geriatrica-eg","tag-quando-usar-fralda-geriatrica-g","tag-quando-usar-fralda-geriatrica-m","tag-quando-usar-fralda-geriatrica-p"],"yoast_head":"<!-- This site is optimized with the Yoast SEO plugin v20.12 - https:\/\/yoast.com\/wordpress\/plugins\/seo\/ -->\n<title>Fralda geri\u00e1trica descart\u00e1vel: como escolher o modelo certo\u00a0 - MNP<\/title>\n<meta name=\"description\" content=\"Saiba como escolher fralda geri\u00e1trica descart\u00e1vel por tamanho, absor\u00e7\u00e3o, conforto e rotina de uso. Conhe\u00e7a os modelos ideais!\" \/>\n<meta name=\"robots\" content=\"index, follow, max-snippet:-1, max-image-preview:large, max-video-preview:-1\" \/>\n<link rel=\"canonical\" href=\"https:\/\/mnpcustodio.com.br\/blog\/fralda-geriatrica-descartavel-como-escolher-o-modelo-certo\/\" \/>\n<meta property=\"og:locale\" content=\"pt_BR\" \/>\n<meta property=\"og:type\" content=\"article\" \/>\n<meta property=\"og:title\" content=\"Fralda geri\u00e1trica descart\u00e1vel: como escolher o modelo certo\u00a0 - MNP\" \/>\n<meta property=\"og:description\" content=\"Saiba como escolher fralda geri\u00e1trica descart\u00e1vel por tamanho, absor\u00e7\u00e3o, conforto e rotina de uso. Conhe\u00e7a os modelos ideais!\" \/>\n<meta property=\"og:url\" content=\"https:\/\/mnpcustodio.com.br\/blog\/fralda-geriatrica-descartavel-como-escolher-o-modelo-certo\/\" \/>\n<meta property=\"og:site_name\" content=\"MNP\" \/>\n<meta property=\"article:published_time\" content=\"2026-07-16T12:29:22+00:00\" \/>\n<meta property=\"article:modified_time\" content=\"2026-07-16T12:33:45+00:00\" \/>\n<meta property=\"og:image\" content=\"https:\/\/mnpcustodio.com.br\/blog\/wp-content\/uploads\/2026\/07\/ChatGPT-Image-16-de-jul.-de-2026-09_29_08.jpg\" \/>\n\t<meta property=\"og:image:width\" content=\"1672\" \/>\n\t<meta property=\"og:image:height\" content=\"941\" \/>\n\t<meta property=\"og:image:type\" content=\"image\/jpeg\" \/>\n<meta name=\"author\" content=\"admin\" \/>\n<meta name=\"twitter:card\" content=\"summary_large_image\" \/>\n<meta name=\"twitter:label1\" content=\"Escrito por\" \/>\n\t<meta name=\"twitter:data1\" content=\"admin\" \/>\n\t<meta name=\"twitter:label2\" content=\"Est. tempo de leitura\" \/>\n\t<meta name=\"twitter:data2\" content=\"6 minutos\" \/>\n<script type=\"application\/ld+json\" class=\"yoast-schema-graph\">{\"@context\":\"https:\/\/schema.org\",\"@graph\":[{\"@type\":\"Article\",\"@id\":\"https:\/\/mnpcustodio.com.br\/blog\/fralda-geriatrica-descartavel-como-escolher-o-modelo-certo\/#article\",\"isPartOf\":{\"@id\":\"https:\/\/mnpcustodio.com.br\/blog\/fralda-geriatrica-descartavel-como-escolher-o-modelo-certo\/\"},\"author\":{\"name\":\"admin\",\"@id\":\"https:\/\/mnpcustodio.com.br\/blog\/#\/schema\/person\/4c002ecc5331abbc70a1aef03b9ef97b\"},\"headline\":\"Fralda geri\u00e1trica descart\u00e1vel: como escolher o modelo certo\u00a0\",\"datePublished\":\"2026-07-16T12:29:22+00:00\",\"dateModified\":\"2026-07-16T12:33:45+00:00\",\"mainEntityOfPage\":{\"@id\":\"https:\/\/mnpcustodio.com.br\/blog\/fralda-geriatrica-descartavel-como-escolher-o-modelo-certo\/\"},\"wordCount\":1018,\"commentCount\":0,\"publisher\":{\"@id\":\"https:\/\/mnpcustodio.com.br\/blog\/#organization\"},\"keywords\":[\"como comprar fralda geri\u00e1trica certa\",\"como escolher fralda geri\u00e1trica descart\u00e1vel\",\"como escolher fralda para idoso acamado\",\"como saber o tamanho da fralda geri\u00e1trica\",\"comprar fralda geri\u00e1trica\",\"empresa de fralda geri\u00e1trica descart\u00e1vel\",\"fornecedor de fralda geri\u00e1trica descart\u00e1vel\",\"fralda adulta com alta absor\u00e7\u00e3o\",\"fralda descart\u00e1vel para adulto\",\"fralda geri\u00e1trica anat\u00f4mica\",\"fralda geri\u00e1trica com barreira antivazamento\",\"fralda geri\u00e1trica com gel\",\"fralda geri\u00e1trica com gel \u00e9 melhor\",\"fralda geri\u00e1trica com indicador de umidade\",\"fralda geri\u00e1trica com indicador de umidade vale a pena\",\"fralda geri\u00e1trica descart\u00e1vel\",\"fralda geri\u00e1trica descart\u00e1vel como escolher\",\"fralda geri\u00e1trica descart\u00e1vel comprar\",\"fralda geri\u00e1trica descart\u00e1vel em Diadema\",\"fralda geri\u00e1trica descart\u00e1vel em Guaianases\",\"fralda geri\u00e1trica descart\u00e1vel em Guarulhos\",\"fralda geri\u00e1trica descart\u00e1vel em Mau\u00e1\",\"fralda geri\u00e1trica descart\u00e1vel em Osasco\",\"fralda geri\u00e1trica descart\u00e1vel em promo\u00e7\u00e3o\",\"fralda geri\u00e1trica descart\u00e1vel em Santo Andr\u00e9\",\"fralda geri\u00e1trica descart\u00e1vel em S\u00e3o Bernardo\",\"fralda geri\u00e1trica descart\u00e1vel em S\u00e3o Caetano\",\"fralda geri\u00e1trica descart\u00e1vel em s\u00e3o paulo\",\"fralda geri\u00e1trica descart\u00e1vel em sp\",\"fralda geri\u00e1trica descart\u00e1vel em Utinga\",\"fralda geri\u00e1trica descart\u00e1vel na Cidade L\u00edder\",\"fralda geri\u00e1trica descart\u00e1vel na Cidade Tiradentes\",\"fralda geri\u00e1trica descart\u00e1vel na Sapopemba\",\"fralda geri\u00e1trica descart\u00e1vel na zona leste\",\"fralda geri\u00e1trica descart\u00e1vel na zona norte\",\"fralda geri\u00e1trica descart\u00e1vel na zona oeste\",\"fralda geri\u00e1trica descart\u00e1vel na zona sul\",\"fralda geri\u00e1trica descart\u00e1vel no ABC\",\"fralda geri\u00e1trica descart\u00e1vel no Aricanduva\",\"fralda geri\u00e1trica descart\u00e1vel no centro\",\"fralda geri\u00e1trica descart\u00e1vel onde encontrar\",\"fralda geri\u00e1trica descart\u00e1vel perto de mim\",\"fralda geri\u00e1trica descart\u00e1vel pre\u00e7o\",\"fralda geri\u00e1trica descart\u00e1vel pr\u00f3ximo a mim\",\"fralda geri\u00e1trica EG\",\"fralda geri\u00e1trica G\",\"fralda geri\u00e1trica hospitalar\",\"fralda geri\u00e1trica M\",\"fralda geri\u00e1trica P\",\"fralda geri\u00e1trica para uso noturno\",\"fralda geri\u00e1trica pre\u00e7o\",\"fralda para adulto\",\"fralda para adulto pode causar assadura\",\"fralda para idosos acamados\",\"fralda para incontin\u00eancia urin\u00e1ria\",\"loja de fralda geri\u00e1trica descart\u00e1vel\",\"melhor fralda geri\u00e1trica descart\u00e1vel\",\"o que evita vazamento na fralda geri\u00e1trica\",\"onde comprar fralda geri\u00e1trica com seguran\u00e7a\",\"qual a melhor fralda para adulto\",\"qual fralda geri\u00e1trica dura mais\",\"quando usar fralda geri\u00e1trica EG\",\"quando usar fralda geri\u00e1trica G\",\"quando usar fralda geri\u00e1trica M\",\"quando usar fralda geri\u00e1trica P\"],\"articleSection\":[\"Fraldas Geri\u00e1tricas\"],\"inLanguage\":\"pt-BR\",\"potentialAction\":[{\"@type\":\"CommentAction\",\"name\":\"Comment\",\"target\":[\"https:\/\/mnpcustodio.com.br\/blog\/fralda-geriatrica-descartavel-como-escolher-o-modelo-certo\/#respond\"]}]},{\"@type\":\"WebPage\",\"@id\":\"https:\/\/mnpcustodio.com.br\/blog\/fralda-geriatrica-descartavel-como-escolher-o-modelo-certo\/\",\"url\":\"https:\/\/mnpcustodio.com.br\/blog\/fralda-geriatrica-descartavel-como-escolher-o-modelo-certo\/\",\"name\":\"Fralda geri\u00e1trica descart\u00e1vel: como escolher o modelo certo\u00a0 - MNP\",\"isPartOf\":{\"@id\":\"https:\/\/mnpcustodio.com.br\/blog\/#website\"},\"datePublished\":\"2026-07-16T12:29:22+00:00\",\"dateModified\":\"2026-07-16T12:33:45+00:00\",\"description\":\"Saiba como escolher fralda geri\u00e1trica descart\u00e1vel por tamanho, absor\u00e7\u00e3o, conforto e rotina de uso. Conhe\u00e7a os modelos ideais!\",\"breadcrumb\":{\"@id\":\"https:\/\/mnpcustodio.com.br\/blog\/fralda-geriatrica-descartavel-como-escolher-o-modelo-certo\/#breadcrumb\"},\"inLanguage\":\"pt-BR\",\"potentialAction\":[{\"@type\":\"ReadAction\",\"target\":[\"https:\/\/mnpcustodio.com.br\/blog\/fralda-geriatrica-descartavel-como-escolher-o-modelo-certo\/\"]}]},{\"@type\":\"BreadcrumbList\",\"@id\":\"https:\/\/mnpcustodio.com.br\/blog\/fralda-geriatrica-descartavel-como-escolher-o-modelo-certo\/#breadcrumb\",\"itemListElement\":[{\"@type\":\"ListItem\",\"position\":1,\"name\":\"In\u00edcio\",\"item\":\"https:\/\/mnpcustodio.com.br\/blog\/\"},{\"@type\":\"ListItem\",\"position\":2,\"name\":\"Fralda geri\u00e1trica descart\u00e1vel: como escolher o modelo certo\u00a0\"}]},{\"@type\":\"WebSite\",\"@id\":\"https:\/\/mnpcustodio.com.br\/blog\/#website\",\"url\":\"https:\/\/mnpcustodio.com.br\/blog\/\",\"name\":\"MNP\",\"description\":\"Blog\",\"publisher\":{\"@id\":\"https:\/\/mnpcustodio.com.br\/blog\/#organization\"},\"potentialAction\":[{\"@type\":\"SearchAction\",\"target\":{\"@type\":\"EntryPoint\",\"urlTemplate\":\"https:\/\/mnpcustodio.com.br\/blog\/?s={search_term_string}\"},\"query-input\":\"required name=search_term_string\"}],\"inLanguage\":\"pt-BR\"},{\"@type\":\"Organization\",\"@id\":\"https:\/\/mnpcustodio.com.br\/blog\/#organization\",\"name\":\"MNP\",\"url\":\"https:\/\/mnpcustodio.com.br\/blog\/\",\"logo\":{\"@type\":\"ImageObject\",\"inLanguage\":\"pt-BR\",\"@id\":\"https:\/\/mnpcustodio.com.br\/blog\/#\/schema\/logo\/image\/\",\"url\":\"https:\/\/mnpcustodio.com.br\/blog\/wp-content\/uploads\/2023\/07\/logo-mnp.jpg\",\"contentUrl\":\"https:\/\/mnpcustodio.com.br\/blog\/wp-content\/uploads\/2023\/07\/logo-mnp.jpg\",\"width\":150,\"height\":59,\"caption\":\"MNP\"},\"image\":{\"@id\":\"https:\/\/mnpcustodio.com.br\/blog\/#\/schema\/logo\/image\/\"}},{\"@type\":\"Person\",\"@id\":\"https:\/\/mnpcustodio.com.br\/blog\/#\/schema\/person\/4c002ecc5331abbc70a1aef03b9ef97b\",\"name\":\"admin\",\"image\":{\"@type\":\"ImageObject\",\"inLanguage\":\"pt-BR\",\"@id\":\"https:\/\/mnpcustodio.com.br\/blog\/#\/schema\/person\/image\/\",\"url\":\"https:\/\/secure.gravatar.com\/avatar\/3813f53848958b8842eeafda91666185a90010f65ed554379b78794cde6f234a?s=96&d=mm&r=g\",\"contentUrl\":\"https:\/\/secure.gravatar.com\/avatar\/3813f53848958b8842eeafda91666185a90010f65ed554379b78794cde6f234a?s=96&d=mm&r=g\",\"caption\":\"admin\"},\"sameAs\":[\"https:\/\/www.mnpcustodio.com.br\/blog\"],\"url\":\"https:\/\/mnpcustodio.com.br\/blog\/author\/admin\/\"}]}<\/script>\n<!-- \/ Yoast SEO plugin. -->","yoast_head_json":{"title":"Fralda geri\u00e1trica descart\u00e1vel: como escolher o modelo certo\u00a0 - MNP","description":"Saiba como escolher fralda geri\u00e1trica descart\u00e1vel por tamanho, absor\u00e7\u00e3o, conforto e rotina de uso. Conhe\u00e7a os modelos ideais!","robots":{"index":"index","follow":"follow","max-snippet":"max-snippet:-1","max-image-preview":"max-image-preview:large","max-video-preview":"max-video-preview:-1"},"canonical":"https:\/\/mnpcustodio.com.br\/blog\/fralda-geriatrica-descartavel-como-escolher-o-modelo-certo\/","og_locale":"pt_BR","og_type":"article","og_title":"Fralda geri\u00e1trica descart\u00e1vel: como escolher o modelo certo\u00a0 - MNP","og_description":"Saiba como escolher fralda geri\u00e1trica descart\u00e1vel por tamanho, absor\u00e7\u00e3o, conforto e rotina de uso. Conhe\u00e7a os modelos ideais!","og_url":"https:\/\/mnpcustodio.com.br\/blog\/fralda-geriatrica-descartavel-como-escolher-o-modelo-certo\/","og_site_name":"MNP","article_published_time":"2026-07-16T12:29:22+00:00","article_modified_time":"2026-07-16T12:33:45+00:00","og_image":[{"width":1672,"height":941,"url":"https:\/\/mnpcustodio.com.br\/blog\/wp-content\/uploads\/2026\/07\/ChatGPT-Image-16-de-jul.-de-2026-09_29_08.jpg","type":"image\/jpeg"}],"author":"admin","twitter_card":"summary_large_image","twitter_misc":{"Escrito por":"admin","Est. tempo de leitura":"6 minutos"},"schema":{"@context":"https:\/\/schema.org","@graph":[{"@type":"Article","@id":"https:\/\/mnpcustodio.com.br\/blog\/fralda-geriatrica-descartavel-como-escolher-o-modelo-certo\/#article","isPartOf":{"@id":"https:\/\/mnpcustodio.com.br\/blog\/fralda-geriatrica-descartavel-como-escolher-o-modelo-certo\/"},"author":{"name":"admin","@id":"https:\/\/mnpcustodio.com.br\/blog\/#\/schema\/person\/4c002ecc5331abbc70a1aef03b9ef97b"},"headline":"Fralda geri\u00e1trica descart\u00e1vel: como escolher o modelo certo\u00a0","datePublished":"2026-07-16T12:29:22+00:00","dateModified":"2026-07-16T12:33:45+00:00","mainEntityOfPage":{"@id":"https:\/\/mnpcustodio.com.br\/blog\/fralda-geriatrica-descartavel-como-escolher-o-modelo-certo\/"},"wordCount":1018,"commentCount":0,"publisher":{"@id":"https:\/\/mnpcustodio.com.br\/blog\/#organization"},"keywords":["como comprar fralda geri\u00e1trica certa","como escolher fralda geri\u00e1trica descart\u00e1vel","como escolher fralda para idoso acamado","como saber o tamanho da fralda geri\u00e1trica","comprar fralda geri\u00e1trica","empresa de fralda geri\u00e1trica descart\u00e1vel","fornecedor de fralda geri\u00e1trica descart\u00e1vel","fralda adulta com alta absor\u00e7\u00e3o","fralda descart\u00e1vel para adulto","fralda geri\u00e1trica anat\u00f4mica","fralda geri\u00e1trica com barreira antivazamento","fralda geri\u00e1trica com gel","fralda geri\u00e1trica com gel \u00e9 melhor","fralda geri\u00e1trica com indicador de umidade","fralda geri\u00e1trica com indicador de umidade vale a pena","fralda geri\u00e1trica descart\u00e1vel","fralda geri\u00e1trica descart\u00e1vel como escolher","fralda geri\u00e1trica descart\u00e1vel comprar","fralda geri\u00e1trica descart\u00e1vel em Diadema","fralda geri\u00e1trica descart\u00e1vel em Guaianases","fralda geri\u00e1trica descart\u00e1vel em Guarulhos","fralda geri\u00e1trica descart\u00e1vel em Mau\u00e1","fralda geri\u00e1trica descart\u00e1vel em Osasco","fralda geri\u00e1trica descart\u00e1vel em promo\u00e7\u00e3o","fralda geri\u00e1trica descart\u00e1vel em Santo Andr\u00e9","fralda geri\u00e1trica descart\u00e1vel em S\u00e3o Bernardo","fralda geri\u00e1trica descart\u00e1vel em S\u00e3o Caetano","fralda geri\u00e1trica descart\u00e1vel em s\u00e3o paulo","fralda geri\u00e1trica descart\u00e1vel em sp","fralda geri\u00e1trica descart\u00e1vel em Utinga","fralda geri\u00e1trica descart\u00e1vel na Cidade L\u00edder","fralda geri\u00e1trica descart\u00e1vel na Cidade Tiradentes","fralda geri\u00e1trica descart\u00e1vel na Sapopemba","fralda geri\u00e1trica descart\u00e1vel na zona leste","fralda geri\u00e1trica descart\u00e1vel na zona norte","fralda geri\u00e1trica descart\u00e1vel na zona oeste","fralda geri\u00e1trica descart\u00e1vel na zona sul","fralda geri\u00e1trica descart\u00e1vel no ABC","fralda geri\u00e1trica descart\u00e1vel no Aricanduva","fralda geri\u00e1trica descart\u00e1vel no centro","fralda geri\u00e1trica descart\u00e1vel onde encontrar","fralda geri\u00e1trica descart\u00e1vel perto de mim","fralda geri\u00e1trica descart\u00e1vel pre\u00e7o","fralda geri\u00e1trica descart\u00e1vel pr\u00f3ximo a mim","fralda geri\u00e1trica EG","fralda geri\u00e1trica G","fralda geri\u00e1trica hospitalar","fralda geri\u00e1trica M","fralda geri\u00e1trica P","fralda geri\u00e1trica para uso noturno","fralda geri\u00e1trica pre\u00e7o","fralda para adulto","fralda para adulto pode causar assadura","fralda para idosos acamados","fralda para incontin\u00eancia urin\u00e1ria","loja de fralda geri\u00e1trica descart\u00e1vel","melhor fralda geri\u00e1trica descart\u00e1vel","o que evita vazamento na fralda geri\u00e1trica","onde comprar fralda geri\u00e1trica com seguran\u00e7a","qual a melhor fralda para adulto","qual fralda geri\u00e1trica dura mais","quando usar fralda geri\u00e1trica EG","quando usar fralda geri\u00e1trica G","quando usar fralda geri\u00e1trica M","quando usar fralda geri\u00e1trica P"],"articleSection":["Fraldas Geri\u00e1tricas"],"inLanguage":"pt-BR","potentialAction":[{"@type":"CommentAction","name":"Comment","target":["https:\/\/mnpcustodio.com.br\/blog\/fralda-geriatrica-descartavel-como-escolher-o-modelo-certo\/#respond"]}]},{"@type":"WebPage","@id":"https:\/\/mnpcustodio.com.br\/blog\/fralda-geriatrica-descartavel-como-escolher-o-modelo-certo\/","url":"https:\/\/mnpcustodio.com.br\/blog\/fralda-geriatrica-descartavel-como-escolher-o-modelo-certo\/","name":"Fralda geri\u00e1trica descart\u00e1vel: como escolher o modelo certo\u00a0 - MNP","isPartOf":{"@id":"https:\/\/mnpcustodio.com.br\/blog\/#website"},"datePublished":"2026-07-16T12:29:22+00:00","dateModified":"2026-07-16T12:33:45+00:00","description":"Saiba como escolher fralda geri\u00e1trica descart\u00e1vel por tamanho, absor\u00e7\u00e3o, conforto e rotina de uso. Conhe\u00e7a os modelos ideais!","breadcrumb":{"@id":"https:\/\/mnpcustodio.com.br\/blog\/fralda-geriatrica-descartavel-como-escolher-o-modelo-certo\/#breadcrumb"},"inLanguage":"pt-BR","potentialAction":[{"@type":"ReadAction","target":["https:\/\/mnpcustodio.com.br\/blog\/fralda-geriatrica-descartavel-como-escolher-o-modelo-certo\/"]}]},{"@type":"BreadcrumbList","@id":"https:\/\/mnpcustodio.com.br\/blog\/fralda-geriatrica-descartavel-como-escolher-o-modelo-certo\/#breadcrumb","itemListElement":[{"@type":"ListItem","position":1,"name":"In\u00edcio","item":"https:\/\/mnpcustodio.com.br\/blog\/"},{"@type":"ListItem","position":2,"name":"Fralda geri\u00e1trica descart\u00e1vel: como escolher o modelo certo\u00a0"}]},{"@type":"WebSite","@id":"https:\/\/mnpcustodio.com.br\/blog\/#website","url":"https:\/\/mnpcustodio.com.br\/blog\/","name":"MNP","description":"Blog","publisher":{"@id":"https:\/\/mnpcustodio.com.br\/blog\/#organization"},"potentialAction":[{"@type":"SearchAction","target":{"@type":"EntryPoint","urlTemplate":"https:\/\/mnpcustodio.com.br\/blog\/?s={search_term_string}"},"query-input":"required name=search_term_string"}],"inLanguage":"pt-BR"},{"@type":"Organization","@id":"https:\/\/mnpcustodio.com.br\/blog\/#organization","name":"MNP","url":"https:\/\/mnpcustodio.com.br\/blog\/","logo":{"@type":"ImageObject","inLanguage":"pt-BR","@id":"https:\/\/mnpcustodio.com.br\/blog\/#\/schema\/logo\/image\/","url":"https:\/\/mnpcustodio.com.br\/blog\/wp-content\/uploads\/2023\/07\/logo-mnp.jpg","contentUrl":"https:\/\/mnpcustodio.com.br\/blog\/wp-content\/uploads\/2023\/07\/logo-mnp.jpg","width":150,"height":59,"caption":"MNP"},"image":{"@id":"https:\/\/mnpcustodio.com.br\/blog\/#\/schema\/logo\/image\/"}},{"@type":"Person","@id":"https:\/\/mnpcustodio.com.br\/blog\/#\/schema\/person\/4c002ecc5331abbc70a1aef03b9ef97b","name":"admin","image":{"@type":"ImageObject","inLanguage":"pt-BR","@id":"https:\/\/mnpcustodio.com.br\/blog\/#\/schema\/person\/image\/","url":"https:\/\/secure.gravatar.com\/avatar\/3813f53848958b8842eeafda91666185a90010f65ed554379b78794cde6f234a?s=96&d=mm&r=g","contentUrl":"https:\/\/secure.gravatar.com\/avatar\/3813f53848958b8842eeafda91666185a90010f65ed554379b78794cde6f234a?s=96&d=mm&r=g","caption":"admin"},"sameAs":["https:\/\/www.mnpcustodio.com.br\/blog"],"url":"https:\/\/mnpcustodio.com.br\/blog\/author\/admin\/"}]}},"_links":{"self":[{"href":"https:\/\/mnpcustodio.com.br\/blog\/wp-json\/wp\/v2\/posts\/228","targetHints":{"allow":["GET"]}}],"collection":[{"href":"https:\/\/mnpcustodio.com.br\/blog\/wp-json\/wp\/v2\/posts"}],"about":[{"href":"https:\/\/mnpcustodio.com.br\/blog\/wp-json\/wp\/v2\/types\/post"}],"author":[{"embeddable":true,"href":"https:\/\/mnpcustodio.com.br\/blog\/wp-json\/wp\/v2\/users\/1"}],"replies":[{"embeddable":true,"href":"https:\/\/mnpcustodio.com.br\/blog\/wp-json\/wp\/v2\/comments?post=228"}],"version-history":[{"count":1,"href":"https:\/\/mnpcustodio.com.br\/blog\/wp-json\/wp\/v2\/posts\/228\/revisions"}],"predecessor-version":[{"id":231,"href":"https:\/\/mnpcustodio.com.br\/blog\/wp-json\/wp\/v2\/posts\/228\/revisions\/231"}],"wp:featuredmedia":[{"embeddable":true,"href":"https:\/\/mnpcustodio.com.br\/blog\/wp-json\/wp\/v2\/media\/230"}],"wp:attachment":[{"href":"https:\/\/mnpcustodio.com.br\/blog\/wp-json\/wp\/v2\/media?parent=228"}],"wp:term":[{"taxonomy":"category","embeddable":true,"href":"https:\/\/mnpcustodio.com.br\/blog\/wp-json\/wp\/v2\/categories?post=228"},{"taxonomy":"post_tag","embeddable":true,"href":"https:\/\/mnpcustodio.com.br\/blog\/wp-json\/wp\/v2\/tags?post=228"}],"curies":[{"name":"wp","href":"https:\/\/api.w.org\/{rel}","templated":true}]}}